{"id":1,"date":"2024-11-08T16:44:34","date_gmt":"2024-11-08T15:44:34","guid":{"rendered":"http:\/\/espace-zen.atester-03.online\/?p=1"},"modified":"2024-11-22T11:12:04","modified_gmt":"2024-11-22T10:12:04","slug":"fetes-de-fin-dannee","status":"publish","type":"post","link":"https:\/\/www.beaute-noirmoutier.com\/fetes-de-fin-dannee\/","title":{"rendered":"F\u00eates de fin d&rsquo;ann\u00e9e\u00a0!"},"content":{"rendered":"\r\n<p>Bient\u00f4t les f\u00eates de fin d&rsquo;ann\u00e9e !<br \/>Pensez \u00e0 faire plaisir et vous faire plaisir.<\/p>\r\n","protected":false},"excerpt":{"rendered":"<p>Bient\u00f4t les f\u00eates de fin d&rsquo;ann\u00e9e !Pensez \u00e0 faire plaisir et vous faire plaisir.<\/p>\n","protected":false},"author":1,"featured_media":74,"comment_status":"closed","ping_status":"closed","sticky":false,"template":"","format":"standard","meta":{"_et_pb_use_builder":"","_et_pb_old_content":"","_et_gb_content_width":"","footnotes":""},"categories":[1],"tags":[],"class_list":["post-1","post","type-post","status-publish","format-standard","has-post-thumbnail","hentry","category-actus"],"yoast_head":"<!-- This site is optimized with the Yoast SEO plugin v27.2 - https:\/\/yoast.com\/product\/yoast-seo-wordpress\/ -->\n<title>F\u00eates de fin d&#039;ann\u00e9e\u00a0! - Espace Zen<\/title>\n<meta name=\"robots\" content=\"index, follow, max-snippet:-1, max-image-preview:large, max-video-preview:-1\" \/>\n<link rel=\"canonical\" href=\"https:\/\/www.beaute-noirmoutier.com\/fetes-de-fin-dannee\/\" \/>\n<meta property=\"og:locale\" content=\"fr_FR\" \/>\n<meta property=\"og:type\" content=\"article\" \/>\n<meta property=\"og:title\" content=\"F\u00eates de fin d&#039;ann\u00e9e\u00a0! - Espace Zen\" \/>\n<meta property=\"og:description\" content=\"Bient\u00f4t les f\u00eates de fin d&rsquo;ann\u00e9e !Pensez \u00e0 faire plaisir et vous faire plaisir.\" \/>\n<meta property=\"og:url\" content=\"https:\/\/www.beaute-noirmoutier.com\/fetes-de-fin-dannee\/\" \/>\n<meta property=\"og:site_name\" content=\"Espace Zen\" \/>\n<meta property=\"article:published_time\" content=\"2024-11-08T15:44:34+00:00\" \/>\n<meta property=\"article:modified_time\" content=\"2024-11-22T10:12:04+00:00\" \/>\n<meta property=\"og:image\" content=\"https:\/\/www.beaute-noirmoutier.com\/wp-content\/uploads\/2024\/02\/espace-zen-noirmoutier-team.jpg\" \/>\n\t<meta property=\"og:image:width\" content=\"1600\" \/>\n\t<meta property=\"og:image:height\" content=\"565\" \/>\n\t<meta property=\"og:image:type\" content=\"image\/jpeg\" \/>\n<meta name=\"author\" content=\"admin-espace-zen\" \/>\n<meta name=\"twitter:card\" content=\"summary_large_image\" \/>\n<meta name=\"twitter:label1\" content=\"\u00c9crit par\" \/>\n\t<meta name=\"twitter:data1\" content=\"admin-espace-zen\" \/>\n\t<meta name=\"twitter:label2\" content=\"Dur\u00e9e de lecture estim\u00e9e\" \/>\n\t<meta name=\"twitter:data2\" content=\"1 minute\" \/>\n<script type=\"application\/ld+json\" class=\"yoast-schema-graph\">{\"@context\":\"https:\/\/schema.org\",\"@graph\":[{\"@type\":\"Article\",\"@id\":\"https:\/\/www.beaute-noirmoutier.com\/fetes-de-fin-dannee\/#article\",\"isPartOf\":{\"@id\":\"https:\/\/www.beaute-noirmoutier.com\/fetes-de-fin-dannee\/\"},\"author\":{\"name\":\"admin-espace-zen\",\"@id\":\"https:\/\/www.beaute-noirmoutier.com\/#\/schema\/person\/aeca5ae8caeba3b591d634401f427ca3\"},\"headline\":\"F\u00eates de fin d&rsquo;ann\u00e9e\u00a0!\",\"datePublished\":\"2024-11-08T15:44:34+00:00\",\"dateModified\":\"2024-11-22T10:12:04+00:00\",\"mainEntityOfPage\":{\"@id\":\"https:\/\/www.beaute-noirmoutier.com\/fetes-de-fin-dannee\/\"},\"wordCount\":24,\"image\":{\"@id\":\"https:\/\/www.beaute-noirmoutier.com\/fetes-de-fin-dannee\/#primaryimage\"},\"thumbnailUrl\":\"https:\/\/www.beaute-noirmoutier.com\/wp-content\/uploads\/2024\/02\/espace-zen-noirmoutier-team.jpg\",\"articleSection\":[\"Actualit\u00e9s\"],\"inLanguage\":\"fr-FR\"},{\"@type\":\"WebPage\",\"@id\":\"https:\/\/www.beaute-noirmoutier.com\/fetes-de-fin-dannee\/\",\"url\":\"https:\/\/www.beaute-noirmoutier.com\/fetes-de-fin-dannee\/\",\"name\":\"F\u00eates de fin d'ann\u00e9e\u00a0! - Espace Zen\",\"isPartOf\":{\"@id\":\"https:\/\/www.beaute-noirmoutier.com\/#website\"},\"primaryImageOfPage\":{\"@id\":\"https:\/\/www.beaute-noirmoutier.com\/fetes-de-fin-dannee\/#primaryimage\"},\"image\":{\"@id\":\"https:\/\/www.beaute-noirmoutier.com\/fetes-de-fin-dannee\/#primaryimage\"},\"thumbnailUrl\":\"https:\/\/www.beaute-noirmoutier.com\/wp-content\/uploads\/2024\/02\/espace-zen-noirmoutier-team.jpg\",\"datePublished\":\"2024-11-08T15:44:34+00:00\",\"dateModified\":\"2024-11-22T10:12:04+00:00\",\"author\":{\"@id\":\"https:\/\/www.beaute-noirmoutier.com\/#\/schema\/person\/aeca5ae8caeba3b591d634401f427ca3\"},\"inLanguage\":\"fr-FR\",\"potentialAction\":[{\"@type\":\"ReadAction\",\"target\":[\"https:\/\/www.beaute-noirmoutier.com\/fetes-de-fin-dannee\/\"]}]},{\"@type\":\"ImageObject\",\"inLanguage\":\"fr-FR\",\"@id\":\"https:\/\/www.beaute-noirmoutier.com\/fetes-de-fin-dannee\/#primaryimage\",\"url\":\"https:\/\/www.beaute-noirmoutier.com\/wp-content\/uploads\/2024\/02\/espace-zen-noirmoutier-team.jpg\",\"contentUrl\":\"https:\/\/www.beaute-noirmoutier.com\/wp-content\/uploads\/2024\/02\/espace-zen-noirmoutier-team.jpg\",\"width\":1600,\"height\":565},{\"@type\":\"WebSite\",\"@id\":\"https:\/\/www.beaute-noirmoutier.com\/#website\",\"url\":\"https:\/\/www.beaute-noirmoutier.com\/\",\"name\":\"Espace Zen\",\"description\":\"Espace Zen, institut de beaut\u00e9 \u00e0 Noirmoutier\",\"potentialAction\":[{\"@type\":\"SearchAction\",\"target\":{\"@type\":\"EntryPoint\",\"urlTemplate\":\"https:\/\/www.beaute-noirmoutier.com\/?s={search_term_string}\"},\"query-input\":{\"@type\":\"PropertyValueSpecification\",\"valueRequired\":true,\"valueName\":\"search_term_string\"}}],\"inLanguage\":\"fr-FR\"},{\"@type\":\"Person\",\"@id\":\"https:\/\/www.beaute-noirmoutier.com\/#\/schema\/person\/aeca5ae8caeba3b591d634401f427ca3\",\"name\":\"admin-espace-zen\",\"sameAs\":[\"http:\/\/espace-zen.atester-03.online\"],\"url\":\"https:\/\/www.beaute-noirmoutier.com\/author\/admin-espace-zen\/\"}]}<\/script>\n<!-- \/ Yoast SEO plugin. -->","yoast_head_json":{"title":"F\u00eates de fin d'ann\u00e9e\u00a0! - Espace Zen","robots":{"index":"index","follow":"follow","max-snippet":"max-snippet:-1","max-image-preview":"max-image-preview:large","max-video-preview":"max-video-preview:-1"},"canonical":"https:\/\/www.beaute-noirmoutier.com\/fetes-de-fin-dannee\/","og_locale":"fr_FR","og_type":"article","og_title":"F\u00eates de fin d'ann\u00e9e\u00a0! - Espace Zen","og_description":"Bient\u00f4t les f\u00eates de fin d&rsquo;ann\u00e9e !Pensez \u00e0 faire plaisir et vous faire plaisir.","og_url":"https:\/\/www.beaute-noirmoutier.com\/fetes-de-fin-dannee\/","og_site_name":"Espace Zen","article_published_time":"2024-11-08T15:44:34+00:00","article_modified_time":"2024-11-22T10:12:04+00:00","og_image":[{"width":1600,"height":565,"url":"https:\/\/www.beaute-noirmoutier.com\/wp-content\/uploads\/2024\/02\/espace-zen-noirmoutier-team.jpg","type":"image\/jpeg"}],"author":"admin-espace-zen","twitter_card":"summary_large_image","twitter_misc":{"\u00c9crit par":"admin-espace-zen","Dur\u00e9e de lecture estim\u00e9e":"1 minute"},"schema":{"@context":"https:\/\/schema.org","@graph":[{"@type":"Article","@id":"https:\/\/www.beaute-noirmoutier.com\/fetes-de-fin-dannee\/#article","isPartOf":{"@id":"https:\/\/www.beaute-noirmoutier.com\/fetes-de-fin-dannee\/"},"author":{"name":"admin-espace-zen","@id":"https:\/\/www.beaute-noirmoutier.com\/#\/schema\/person\/aeca5ae8caeba3b591d634401f427ca3"},"headline":"F\u00eates de fin d&rsquo;ann\u00e9e\u00a0!","datePublished":"2024-11-08T15:44:34+00:00","dateModified":"2024-11-22T10:12:04+00:00","mainEntityOfPage":{"@id":"https:\/\/www.beaute-noirmoutier.com\/fetes-de-fin-dannee\/"},"wordCount":24,"image":{"@id":"https:\/\/www.beaute-noirmoutier.com\/fetes-de-fin-dannee\/#primaryimage"},"thumbnailUrl":"https:\/\/www.beaute-noirmoutier.com\/wp-content\/uploads\/2024\/02\/espace-zen-noirmoutier-team.jpg","articleSection":["Actualit\u00e9s"],"inLanguage":"fr-FR"},{"@type":"WebPage","@id":"https:\/\/www.beaute-noirmoutier.com\/fetes-de-fin-dannee\/","url":"https:\/\/www.beaute-noirmoutier.com\/fetes-de-fin-dannee\/","name":"F\u00eates de fin d'ann\u00e9e\u00a0! - Espace Zen","isPartOf":{"@id":"https:\/\/www.beaute-noirmoutier.com\/#website"},"primaryImageOfPage":{"@id":"https:\/\/www.beaute-noirmoutier.com\/fetes-de-fin-dannee\/#primaryimage"},"image":{"@id":"https:\/\/www.beaute-noirmoutier.com\/fetes-de-fin-dannee\/#primaryimage"},"thumbnailUrl":"https:\/\/www.beaute-noirmoutier.com\/wp-content\/uploads\/2024\/02\/espace-zen-noirmoutier-team.jpg","datePublished":"2024-11-08T15:44:34+00:00","dateModified":"2024-11-22T10:12:04+00:00","author":{"@id":"https:\/\/www.beaute-noirmoutier.com\/#\/schema\/person\/aeca5ae8caeba3b591d634401f427ca3"},"inLanguage":"fr-FR","potentialAction":[{"@type":"ReadAction","target":["https:\/\/www.beaute-noirmoutier.com\/fetes-de-fin-dannee\/"]}]},{"@type":"ImageObject","inLanguage":"fr-FR","@id":"https:\/\/www.beaute-noirmoutier.com\/fetes-de-fin-dannee\/#primaryimage","url":"https:\/\/www.beaute-noirmoutier.com\/wp-content\/uploads\/2024\/02\/espace-zen-noirmoutier-team.jpg","contentUrl":"https:\/\/www.beaute-noirmoutier.com\/wp-content\/uploads\/2024\/02\/espace-zen-noirmoutier-team.jpg","width":1600,"height":565},{"@type":"WebSite","@id":"https:\/\/www.beaute-noirmoutier.com\/#website","url":"https:\/\/www.beaute-noirmoutier.com\/","name":"Espace Zen","description":"Espace Zen, institut de beaut\u00e9 \u00e0 Noirmoutier","potentialAction":[{"@type":"SearchAction","target":{"@type":"EntryPoint","urlTemplate":"https:\/\/www.beaute-noirmoutier.com\/?s={search_term_string}"},"query-input":{"@type":"PropertyValueSpecification","valueRequired":true,"valueName":"search_term_string"}}],"inLanguage":"fr-FR"},{"@type":"Person","@id":"https:\/\/www.beaute-noirmoutier.com\/#\/schema\/person\/aeca5ae8caeba3b591d634401f427ca3","name":"admin-espace-zen","sameAs":["http:\/\/espace-zen.atester-03.online"],"url":"https:\/\/www.beaute-noirmoutier.com\/author\/admin-espace-zen\/"}]}},"_links":{"self":[{"href":"https:\/\/www.beaute-noirmoutier.com\/api\/wp\/v2\/posts\/1","targetHints":{"allow":["GET"]}}],"collection":[{"href":"https:\/\/www.beaute-noirmoutier.com\/api\/wp\/v2\/posts"}],"about":[{"href":"https:\/\/www.beaute-noirmoutier.com\/api\/wp\/v2\/types\/post"}],"author":[{"embeddable":true,"href":"https:\/\/www.beaute-noirmoutier.com\/api\/wp\/v2\/users\/1"}],"replies":[{"embeddable":true,"href":"https:\/\/www.beaute-noirmoutier.com\/api\/wp\/v2\/comments?post=1"}],"version-history":[{"count":2,"href":"https:\/\/www.beaute-noirmoutier.com\/api\/wp\/v2\/posts\/1\/revisions"}],"predecessor-version":[{"id":311,"href":"https:\/\/www.beaute-noirmoutier.com\/api\/wp\/v2\/posts\/1\/revisions\/311"}],"wp:featuredmedia":[{"embeddable":true,"href":"https:\/\/www.beaute-noirmoutier.com\/api\/wp\/v2\/media\/74"}],"wp:attachment":[{"href":"https:\/\/www.beaute-noirmoutier.com\/api\/wp\/v2\/media?parent=1"}],"wp:term":[{"taxonomy":"category","embeddable":true,"href":"https:\/\/www.beaute-noirmoutier.com\/api\/wp\/v2\/categories?post=1"},{"taxonomy":"post_tag","embeddable":true,"href":"https:\/\/www.beaute-noirmoutier.com\/api\/wp\/v2\/tags?post=1"}],"curies":[{"name":"wp","href":"https:\/\/api.w.org\/{rel}","templated":true}]}}